{"id":699,"date":"2022-08-04T14:59:48","date_gmt":"2022-08-04T17:59:48","guid":{"rendered":"https:\/\/www.simea.org.br\/2022\/?p=699"},"modified":"2022-08-04T14:59:48","modified_gmt":"2022-08-04T17:59:48","slug":"argel-franceschini","status":"publish","type":"post","link":"https:\/\/www.simea.org.br\/2022\/pb\/argel-franceschini\/","title":{"rendered":"Argel Franceschini"},"content":{"rendered":"<p><\/p>\n<h3>Forma\u00e7\u00e3o Acad\u00eamica<\/h3>\n<ul>\n<li>P\u00f3s Gradua\u00e7\u00e3o em Gerenciamento de Tecnologia e Inova\u00e7\u00e3o<\/li>\n<li>MBA Gest\u00e3o de Empresas<\/li>\n<li>Gradua\u00e7\u00e3o em Engenharia Mec\u00e2nica<\/li>\n<\/ul>\n<p>&nbsp;<\/p>\n<h3>Atua\u00e7\u00e3o Profissional<\/h3>\n<ul>\n<li>2018 \u2013 atual: Volkswagen Caminh\u00f5es e \u00d4nibus, atuando gest\u00e3o de desenvolvimento de eletrifica\u00e7\u00e3o para caminh\u00f5es e \u00d4nibus na engenharia de e-Mobility.<\/li>\n<li>2011 \u2013 2017: Volkswagen Caminh\u00f5es e \u00d4nibus, atuando gest\u00e3o e desenvolvimento de produto para caminh\u00f5es e \u00f4nibus na engenharia avan\u00e7ada e ve\u00edculos especiais.<\/li>\n<li>2009 \u2013 2010: Comil \u00d4nibus, atuando com desenvolvimento de produto para \u00f4nibus rodovi\u00e1rios.<\/li>\n<li>2008 \u2013 2009: John Deere, atuando como comprador de componentes para tratores.<\/li>\n<li>2006 \u2013 2008: BSH China\/Alemanha, atuando com desenvolvimento de produto para eletrodom\u00e9sticos.<\/li>\n<li>2004 \u2013 2006: Bruning Tecnometal, atuando no departamento comercial atendendo ao segmento automotivo.<\/li>\n<\/ul>\n<p><\/p>","protected":false},"excerpt":{"rendered":"<p>Forma\u00e7\u00e3o Acad\u00eamica P\u00f3s Gradua\u00e7\u00e3o em Gerenciamento de Tecnologia e Inova\u00e7\u00e3o MBA Gest\u00e3o de Empresas Gradua\u00e7\u00e3o em Engenharia Mec\u00e2nica &nbsp; Atua\u00e7\u00e3o Profissional 2018 \u2013 atual: Volkswagen Caminh\u00f5es e \u00d4nibus, atuando gest\u00e3o de desenvolvimento de eletrifica\u00e7\u00e3o para caminh\u00f5es e \u00d4nibus na engenharia de e-Mobility. 2011 \u2013 2017: Volkswagen Caminh\u00f5es e \u00d4nibus, atuando gest\u00e3o e desenvolvimento de produto para caminh\u00f5es e \u00f4nibus na engenharia avan\u00e7ada e ve\u00edculos especiais. 2009 \u2013 2010: Comil \u00d4nibus, [&hellip;]<\/p>\n","protected":false},"author":3,"featured_media":700,"comment_status":"open","ping_status":"open","sticky":false,"template":"","format":"standard","meta":{"_acf_changed":false,"_exactmetrics_skip_tracking":false,"ngg_post_thumbnail":0,"footnotes":""},"categories":[3],"tags":[],"class_list":["post-699","post","type-post","status-publish","format-standard","has-post-thumbnail","hentry","category-speakers"],"acf":[],"_links":{"self":[{"href":"https:\/\/www.simea.org.br\/2022\/pb\/wp-json\/wp\/v2\/posts\/699","targetHints":{"allow":["GET"]}}],"collection":[{"href":"https:\/\/www.simea.org.br\/2022\/pb\/wp-json\/wp\/v2\/posts"}],"about":[{"href":"https:\/\/www.simea.org.br\/2022\/pb\/wp-json\/wp\/v2\/types\/post"}],"author":[{"embeddable":true,"href":"https:\/\/www.simea.org.br\/2022\/pb\/wp-json\/wp\/v2\/users\/3"}],"replies":[{"embeddable":true,"href":"https:\/\/www.simea.org.br\/2022\/pb\/wp-json\/wp\/v2\/comments?post=699"}],"version-history":[{"count":1,"href":"https:\/\/www.simea.org.br\/2022\/pb\/wp-json\/wp\/v2\/posts\/699\/revisions"}],"predecessor-version":[{"id":701,"href":"https:\/\/www.simea.org.br\/2022\/pb\/wp-json\/wp\/v2\/posts\/699\/revisions\/701"}],"wp:featuredmedia":[{"embeddable":true,"href":"https:\/\/www.simea.org.br\/2022\/pb\/wp-json\/wp\/v2\/media\/700"}],"wp:attachment":[{"href":"https:\/\/www.simea.org.br\/2022\/pb\/wp-json\/wp\/v2\/media?parent=699"}],"wp:term":[{"taxonomy":"category","embeddable":true,"href":"https:\/\/www.simea.org.br\/2022\/pb\/wp-json\/wp\/v2\/categories?post=699"},{"taxonomy":"post_tag","embeddable":true,"href":"https:\/\/www.simea.org.br\/2022\/pb\/wp-json\/wp\/v2\/tags?post=699"}],"curies":[{"name":"wp","href":"https:\/\/api.w.org\/{rel}","templated":true}]}}